{"id":1914,"date":"2015-03-21T10:20:57","date_gmt":"2015-03-21T10:20:57","guid":{"rendered":"http:\/\/www.sensitives.fr\/?p=1914"},"modified":"2020-02-03T18:12:35","modified_gmt":"2020-02-03T18:12:35","slug":"un-lieu-de-partage","status":"publish","type":"post","link":"https:\/\/www.sensitives.fr\/?p=1914","title":{"rendered":"Un lieu de partage"},"content":{"rendered":"<p style=\"text-align: left;\"><span style=\"font-family: book antiqua,palatino,serif; font-size: 16px;\">Vous avez un projet, une id\u00e9e, un talent \u00e0 partager, un enseignement \u00e0 donner et vous cherchez un lieu pour le faire dans la simplicit\u00e9 et la convivialit\u00e9. Nous vous accueillons avec plaisir et vous aidons \u00e0 organiser votre week-end ou votre journ\u00e9e.<\/span><\/p>\n<p style=\"text-align: left;\"><span style=\"font-family: book antiqua,palatino,serif; font-size: 16px;\">Nous pouvons recevoir de petits groupes jusqu&#8217;\u00e0 10 personnes h\u00e9berg\u00e9es dans le g\u00eete et les cabanes&#8230;<\/span><\/p>\n<p style=\"text-align: left;\"><span style=\"font-family: book antiqua,palatino,serif; font-size: 16px;\">Tout en \u00e9tant proche des moyennes et grandes villes du d\u00e9partement, le calme et l&#8217;isolement du lieu, tr\u00e8s atypique, permettent le repos et la concentration n\u00e9cessaires \u00e0 la r\u00e9ussite de votre r\u00e9union.<\/span><\/p>\n<p style=\"text-align: left;\"><span style=\"font-family: book antiqua,palatino,serif; font-size: 16px;\">Contactez nous, venez nous voir, nous en parlerons ensemble.<\/span><\/p>\n<p><a href=\"http:\/\/www.sensitives.fr\/wp-content\/uploads\/2016\/10\/Les_Sensitives_diaporama_P1060052-r.jpg\"><img decoding=\"async\" loading=\"lazy\" class=\"alignleft size-medium wp-image-1676\" src=\"http:\/\/www.sensitives.fr\/wp-content\/uploads\/2016\/10\/Les_Sensitives_diaporama_P1060052-r-300x169.jpg\" alt=\"les_sensitives_diaporama_p1060052-r\" width=\"300\" height=\"169\" srcset=\"https:\/\/www.sensitives.fr\/wp-content\/uploads\/2016\/10\/Les_Sensitives_diaporama_P1060052-r-300x169.jpg 300w, https:\/\/www.sensitives.fr\/wp-content\/uploads\/2016\/10\/Les_Sensitives_diaporama_P1060052-r.jpg 600w\" sizes=\"(max-width: 300px) 100vw, 300px\" \/><\/a><a href=\"http:\/\/www.sensitives.fr\/wp-content\/uploads\/2016\/11\/DSCN5409.jpg\"><img decoding=\"async\" loading=\"lazy\" class=\"alignleft wp-image-2067 size-medium\" src=\"http:\/\/www.sensitives.fr\/wp-content\/uploads\/2016\/11\/DSCN5409-300x169.jpg\" width=\"300\" height=\"169\" srcset=\"https:\/\/www.sensitives.fr\/wp-content\/uploads\/2016\/11\/DSCN5409-300x169.jpg 300w, https:\/\/www.sensitives.fr\/wp-content\/uploads\/2016\/11\/DSCN5409-768x433.jpg 768w, https:\/\/www.sensitives.fr\/wp-content\/uploads\/2016\/11\/DSCN5409-1024x577.jpg 1024w\" sizes=\"(max-width: 300px) 100vw, 300px\" \/><\/a><\/p>\n<p><a href=\"http:\/\/www.sensitives.fr\/wp-content\/uploads\/2016\/10\/Les_Sensitives_diaporama_P1060045-r.jpg\"><img decoding=\"async\" loading=\"lazy\" class=\"alignleft size-medium wp-image-1673\" src=\"http:\/\/www.sensitives.fr\/wp-content\/uploads\/2016\/10\/Les_Sensitives_diaporama_P1060045-r-300x169.jpg\" alt=\"les_sensitives_diaporama_p1060045-r\" width=\"300\" height=\"169\" srcset=\"https:\/\/www.sensitives.fr\/wp-content\/uploads\/2016\/10\/Les_Sensitives_diaporama_P1060045-r-300x169.jpg 300w, https:\/\/www.sensitives.fr\/wp-content\/uploads\/2016\/10\/Les_Sensitives_diaporama_P1060045-r.jpg 600w\" sizes=\"(max-width: 300px) 100vw, 300px\" \/><\/a><a href=\"http:\/\/www.sensitives.fr\/wp-content\/uploads\/2016\/10\/Les_Sensitives_diaporama_P1030382-r.jpg\"><img decoding=\"async\" loading=\"lazy\" class=\"alignleft size-medium wp-image-1663\" src=\"http:\/\/www.sensitives.fr\/wp-content\/uploads\/2016\/10\/Les_Sensitives_diaporama_P1030382-r-300x169.jpg\" alt=\"les_sensitives_diaporama_p1030382-r\" width=\"300\" height=\"169\" srcset=\"https:\/\/www.sensitives.fr\/wp-content\/uploads\/2016\/10\/Les_Sensitives_diaporama_P1030382-r-300x169.jpg 300w, https:\/\/www.sensitives.fr\/wp-content\/uploads\/2016\/10\/Les_Sensitives_diaporama_P1030382-r.jpg 600w\" sizes=\"(max-width: 300px) 100vw, 300px\" \/><\/a><\/p>\n","protected":false},"excerpt":{"rendered":"<p>Vous avez un projet, une id\u00e9e, un talent \u00e0 partager, un enseignement \u00e0 donner et vous cherchez un lieu pour le faire dans la simplicit\u00e9 et la convivialit\u00e9. Nous vous accueillons avec plaisir et vous aidons \u00e0 organiser votre week-end ou votre journ\u00e9e. Nous pouvons recevoir de petits groupes jusqu&#8217;\u00e0 10 personnes h\u00e9berg\u00e9es dans le [&hellip;]<\/p>\n","protected":false},"author":3,"featured_media":0,"comment_status":"closed","ping_status":"closed","sticky":false,"template":"","format":"standard","meta":[],"categories":[1],"tags":[],"_links":{"self":[{"href":"https:\/\/www.sensitives.fr\/index.php?rest_route=\/wp\/v2\/posts\/1914"}],"collection":[{"href":"https:\/\/www.sensitives.fr\/index.php?rest_route=\/wp\/v2\/posts"}],"about":[{"href":"https:\/\/www.sensitives.fr\/index.php?rest_route=\/wp\/v2\/types\/post"}],"author":[{"embeddable":true,"href":"https:\/\/www.sensitives.fr\/index.php?rest_route=\/wp\/v2\/users\/3"}],"replies":[{"embeddable":true,"href":"https:\/\/www.sensitives.fr\/index.php?rest_route=%2Fwp%2Fv2%2Fcomments&post=1914"}],"version-history":[{"count":17,"href":"https:\/\/www.sensitives.fr\/index.php?rest_route=\/wp\/v2\/posts\/1914\/revisions"}],"predecessor-version":[{"id":2216,"href":"https:\/\/www.sensitives.fr\/index.php?rest_route=\/wp\/v2\/posts\/1914\/revisions\/2216"}],"wp:attachment":[{"href":"https:\/\/www.sensitives.fr\/index.php?rest_route=%2Fwp%2Fv2%2Fmedia&parent=1914"}],"wp:term":[{"taxonomy":"category","embeddable":true,"href":"https:\/\/www.sensitives.fr\/index.php?rest_route=%2Fwp%2Fv2%2Fcategories&post=1914"},{"taxonomy":"post_tag","embeddable":true,"href":"https:\/\/www.sensitives.fr\/index.php?rest_route=%2Fwp%2Fv2%2Ftags&post=1914"}],"curies":[{"name":"wp","href":"https:\/\/api.w.org\/{rel}","templated":true}]}}