{"id":1078,"date":"2010-03-17T09:02:00","date_gmt":"2010-03-17T09:02:00","guid":{"rendered":"http:\/\/www.sensitives.fr\/?p=1078"},"modified":"2016-12-17T14:53:58","modified_gmt":"2016-12-17T14:53:58","slug":"les-sensitives-en-hiver","status":"publish","type":"post","link":"https:\/\/www.sensitives.fr\/?p=1078","title":{"rendered":"3 cabanes en famille ou entre amis"},"content":{"rendered":"<p>&nbsp;<\/p>\n<p><a href=\"http:\/\/www.sensitives.fr\/wp-content\/uploads\/2016\/05\/P1060076.jpg\"><img decoding=\"async\" loading=\"lazy\" class=\"alignleft size-medium wp-image-1428\" src=\"http:\/\/www.sensitives.fr\/wp-content\/uploads\/2016\/05\/P1060076-300x169.jpg\" alt=\"P1060076\" width=\"300\" height=\"169\" srcset=\"https:\/\/www.sensitives.fr\/wp-content\/uploads\/2016\/05\/P1060076-300x169.jpg 300w, https:\/\/www.sensitives.fr\/wp-content\/uploads\/2016\/05\/P1060076-1024x576.jpg 1024w\" sizes=\"(max-width: 300px) 100vw, 300px\" \/><\/a><\/p>\n<p><span style=\"font-family: book antiqua,palatino,serif; font-size: 16px;\">Dans cet environnement\u00a0paisible, venez passer des vacances en famille ou entre amis chacun dans sa cabane !<\/span><\/p>\n<p><span style=\"font-family: book antiqua,palatino,serif; font-size: 16px;\">Vous y trouverez tout le confort \u00e0 l&#8217;int\u00e9rieur et \u00e0 quelques m\u00e8tres, dans une ambiance tr\u00e8s nature, une cuisine toute \u00e9quip\u00e9e,\u00a0une salle de bain\u00a0et des toilettes s\u00e8ches \u00e0 partager.<\/span><\/p>\n<p><span style=\"font-family: book antiqua,palatino,serif; font-size: 16px;\">SHERPA: 2 adultes + 2 enfants, MILAREPA: 2 personnes, AMMA: 2 personnes (lit b\u00e9b\u00e9 possible)<\/span><\/p>\n<h4><span style=\"font-family: book antiqua,palatino,serif; font-size: 16px;\"><span style=\"color: #993300;\">LES 3 CABANES (10 personnes maxi) et leurs d\u00e9pendances en usage exclusif : 850 \u20acTTC semaine. <\/span><\/span><\/h4>\n<h4><span style=\"font-family: book antiqua,palatino,serif; font-size: 16px;\"><span style=\"color: #993300;\">Possible : 1 lit b\u00e9b\u00e9 parapluie + 1 petite tente, si famille &#8220;nombreuse&#8221;&#8230;<br \/>\n<\/span><\/span><\/h4>\n<h4><span style=\"font-family: book antiqua,palatino,serif; font-size: 16px;\">Lits faits et linge de maison fourni ainsi que produits \u00e9cologiques pour salle d&#8217;eau et cuisine.<\/span><\/h4>\n<p>&nbsp;<\/p>\n<p><span style=\"font-family: book antiqua,palatino,serif; font-size: 16px;\">Et si vous avez des demandes particuli\u00e8res, n&#8217;h\u00e9sitez pas \u00e0 nous\u00a0contacter.<\/span><\/p>\n<p><a href=\"http:\/\/www.sensitives.fr\/wp-content\/uploads\/2016\/05\/P1060080.jpg\"><img decoding=\"async\" loading=\"lazy\" class=\"alignleft size-medium wp-image-1427\" src=\"http:\/\/www.sensitives.fr\/wp-content\/uploads\/2016\/05\/P1060080-300x169.jpg\" alt=\"P1060080\" width=\"300\" height=\"169\" srcset=\"https:\/\/www.sensitives.fr\/wp-content\/uploads\/2016\/05\/P1060080-300x169.jpg 300w, https:\/\/www.sensitives.fr\/wp-content\/uploads\/2016\/05\/P1060080-1024x576.jpg 1024w\" sizes=\"(max-width: 300px) 100vw, 300px\" \/><\/a><a href=\"http:\/\/www.sensitives.fr\/wp-content\/uploads\/2016\/10\/Les_Sensitives_diaporama_P1060158-r.jpg\"><img decoding=\"async\" loading=\"lazy\" class=\"alignleft size-medium wp-image-1681\" src=\"http:\/\/www.sensitives.fr\/wp-content\/uploads\/2016\/10\/Les_Sensitives_diaporama_P1060158-r-300x169.jpg\" alt=\"les_sensitives_diaporama_p1060158-r\" width=\"300\" height=\"169\" srcset=\"https:\/\/www.sensitives.fr\/wp-content\/uploads\/2016\/10\/Les_Sensitives_diaporama_P1060158-r-300x169.jpg 300w, https:\/\/www.sensitives.fr\/wp-content\/uploads\/2016\/10\/Les_Sensitives_diaporama_P1060158-r.jpg 600w\" sizes=\"(max-width: 300px) 100vw, 300px\" \/><\/a><\/p>\n<p>&nbsp;<\/p>\n","protected":false},"excerpt":{"rendered":"<p>&nbsp; Dans cet environnement\u00a0paisible, venez passer des vacances en famille ou entre amis chacun dans sa cabane ! Vous y trouverez tout le confort \u00e0 l&#8217;int\u00e9rieur et \u00e0 quelques m\u00e8tres, dans une ambiance tr\u00e8s nature, une cuisine toute \u00e9quip\u00e9e,\u00a0une salle de bain\u00a0et des toilettes s\u00e8ches \u00e0 partager. SHERPA: 2 adultes + 2 enfants, MILAREPA: 2 [&hellip;]<\/p>\n","protected":false},"author":3,"featured_media":0,"comment_status":"closed","ping_status":"closed","sticky":false,"template":"","format":"standard","meta":[],"categories":[1],"tags":[],"_links":{"self":[{"href":"https:\/\/www.sensitives.fr\/index.php?rest_route=\/wp\/v2\/posts\/1078"}],"collection":[{"href":"https:\/\/www.sensitives.fr\/index.php?rest_route=\/wp\/v2\/posts"}],"about":[{"href":"https:\/\/www.sensitives.fr\/index.php?rest_route=\/wp\/v2\/types\/post"}],"author":[{"embeddable":true,"href":"https:\/\/www.sensitives.fr\/index.php?rest_route=\/wp\/v2\/users\/3"}],"replies":[{"embeddable":true,"href":"https:\/\/www.sensitives.fr\/index.php?rest_route=%2Fwp%2Fv2%2Fcomments&post=1078"}],"version-history":[{"count":34,"href":"https:\/\/www.sensitives.fr\/index.php?rest_route=\/wp\/v2\/posts\/1078\/revisions"}],"predecessor-version":[{"id":2117,"href":"https:\/\/www.sensitives.fr\/index.php?rest_route=\/wp\/v2\/posts\/1078\/revisions\/2117"}],"wp:attachment":[{"href":"https:\/\/www.sensitives.fr\/index.php?rest_route=%2Fwp%2Fv2%2Fmedia&parent=1078"}],"wp:term":[{"taxonomy":"category","embeddable":true,"href":"https:\/\/www.sensitives.fr\/index.php?rest_route=%2Fwp%2Fv2%2Fcategories&post=1078"},{"taxonomy":"post_tag","embeddable":true,"href":"https:\/\/www.sensitives.fr\/index.php?rest_route=%2Fwp%2Fv2%2Ftags&post=1078"}],"curies":[{"name":"wp","href":"https:\/\/api.w.org\/{rel}","templated":true}]}}